{"id":1116,"date":"2025-12-10T16:29:57","date_gmt":"2025-12-10T14:29:57","guid":{"rendered":"https:\/\/www.transfeminiinit.fi\/?p=1116"},"modified":"2025-12-16T16:06:39","modified_gmt":"2025-12-16T14:06:39","slug":"etyj-konferenssi-2025","status":"publish","type":"post","link":"https:\/\/www.transfeminiinit.fi\/index.php\/etyj-konferenssi-2025\/","title":{"rendered":"Transfeminiinit ry:n toiminnanjohtaja Tanja von Knorring osallistui Wieniss\u00e4 ETYJ-konferensiin"},"content":{"rendered":"\n<p>T\u00e4n\u00e4\u00e4n 10.12. on joka vuotinen kansainv\u00e4linen ihmisoikeuksien p\u00e4iv\u00e4. T\u00e4m\u00e4 p\u00e4iv\u00e4 on ollut pitk\u00e4\u00e4n t\u00e4rke\u00e4 muistutus siit\u00e4 ty\u00f6st\u00e4, jota on tehty ihmisoikeuksien eteen, sek\u00e4 siit\u00e4 kaikesta, mit\u00e4 on jo saavutettu. Ihmisoikeuksia edist\u00e4v\u00e4t monet eri tekij\u00e4t, valtioista j\u00e4rjest\u00f6ihin.<\/p>\n\n\n\n<p>Yksi ihmisoikeuksia edustava j\u00e4rjest\u00f6 on Euroopan turvallisuus- ja yhteisty\u00f6j\u00e4rjest\u00f6. ETYJ on alueellinen turvallisuusj\u00e4rjest\u00f6, johon kuuluu 57 osallistujavaltiota. Transfeminiini ry oli viime viikolla mukana ETYJ-ministerineuvoston kokouksessa akkreditoituna kansalaisj\u00e4rjest\u00f6osallistujana. J\u00e4rjest\u00f6mme oli ainoa Suomalainen kansalaisj\u00e4rjest\u00f6 paikalla. Edustajanamme kokouksessa toimi toiminnanjohtajamme Tanja von Knorring.<\/p>\n\n\n\n<figure class=\"wp-block-image size-large is-resized\"><img loading=\"lazy\" decoding=\"async\" width=\"1024\" height=\"768\" src=\"https:\/\/www.transfeminiinit.fi\/wp-content\/uploads\/2025\/12\/WhatsApp-Image-2025-12-10-at-13.59.36-2-1024x768.jpeg\" alt=\"\" class=\"wp-image-1123\" style=\"width:404px;height:auto\" srcset=\"https:\/\/www.transfeminiinit.fi\/wp-content\/uploads\/2025\/12\/WhatsApp-Image-2025-12-10-at-13.59.36-2-1024x768.jpeg 1024w, https:\/\/www.transfeminiinit.fi\/wp-content\/uploads\/2025\/12\/WhatsApp-Image-2025-12-10-at-13.59.36-2-300x225.jpeg 300w, https:\/\/www.transfeminiinit.fi\/wp-content\/uploads\/2025\/12\/WhatsApp-Image-2025-12-10-at-13.59.36-2-768x576.jpeg 768w, https:\/\/www.transfeminiinit.fi\/wp-content\/uploads\/2025\/12\/WhatsApp-Image-2025-12-10-at-13.59.36-2-1536x1152.jpeg 1536w, https:\/\/www.transfeminiinit.fi\/wp-content\/uploads\/2025\/12\/WhatsApp-Image-2025-12-10-at-13.59.36-2-1200x900.jpeg 1200w, https:\/\/www.transfeminiinit.fi\/wp-content\/uploads\/2025\/12\/WhatsApp-Image-2025-12-10-at-13.59.36-2-1980x1485.jpeg 1980w, https:\/\/www.transfeminiinit.fi\/wp-content\/uploads\/2025\/12\/WhatsApp-Image-2025-12-10-at-13.59.36-2.jpeg 2048w\" sizes=\"auto, (max-width: 1024px) 100vw, 1024px\" \/><\/figure>\n\n\n\n<blockquote class=\"wp-block-quote is-layout-flow wp-block-quote-is-layout-flow\">\n<p>\u201dOlen otettu, kiitollinen ja kunnioitettu siit\u00e4, ett\u00e4 j\u00e4rjest\u00f6mme ja minut sen edustajana on akkreditoitu kansalaisj\u00e4rjest\u00f6osallistujana, ja ainoana sellaisena kokouksen j\u00e4rjest\u00e4j\u00e4maasta Suomesta, t\u00e4nne Wieniin Hofburgin linnassa pidett\u00e4v\u00e4\u00e4n 32. ETYJ-ministerineuvoston kokoukseen.&#8221; &#8211; von Knorring<\/p>\n<\/blockquote>\n\n\n\n<h2 class=\"wp-block-heading has-medium-font-size\">Kokouksen sivuohjelmissa oli paljon merkitt\u00e4vi\u00e4 aiheita Transfeminiinit ry:n tavoitteille, kuten nuorten johtajuudesta rauhan ja turvallisuuden puolesta. <\/h2>\n\n\n\n<p>Tapahtuman avasi ulkoministerimme Elina Valtonen. Puheessaan h\u00e4n korosti toivoa nuorissa rauhanrakentajina ja Helsingiss\u00e4 pidetty\u00e4 Nuorten foorumia sek\u00e4 sen tuottamaa rauhan ja turvallisuuden tiekarttaan. H\u00e4n my\u00f6s korosti ETYJ:n kansalaisj\u00e4rjest\u00f6yhteisty\u00f6t\u00e4 erityisesti nuorisoj\u00e4rjest\u00f6jen kanssa.<\/p>\n\n\n\n<figure class=\"wp-block-image size-large is-resized\"><img loading=\"lazy\" decoding=\"async\" width=\"768\" height=\"1024\" src=\"https:\/\/www.transfeminiinit.fi\/wp-content\/uploads\/2025\/12\/WhatsApp-Image-2025-12-10-at-13.59.37-1-1-768x1024.jpeg\" alt=\"\" class=\"wp-image-1122\" style=\"aspect-ratio:0.750000016348703;width:325px;height:auto\" srcset=\"https:\/\/www.transfeminiinit.fi\/wp-content\/uploads\/2025\/12\/WhatsApp-Image-2025-12-10-at-13.59.37-1-1-768x1024.jpeg 768w, https:\/\/www.transfeminiinit.fi\/wp-content\/uploads\/2025\/12\/WhatsApp-Image-2025-12-10-at-13.59.37-1-1-225x300.jpeg 225w, https:\/\/www.transfeminiinit.fi\/wp-content\/uploads\/2025\/12\/WhatsApp-Image-2025-12-10-at-13.59.37-1-1-1152x1536.jpeg 1152w, https:\/\/www.transfeminiinit.fi\/wp-content\/uploads\/2025\/12\/WhatsApp-Image-2025-12-10-at-13.59.37-1-1-1200x1600.jpeg 1200w, https:\/\/www.transfeminiinit.fi\/wp-content\/uploads\/2025\/12\/WhatsApp-Image-2025-12-10-at-13.59.37-1-1.jpeg 1536w\" sizes=\"auto, (max-width: 768px) 100vw, 768px\" \/><\/figure>\n\n\n\n<p>Von Knorring seurasi my\u00f6s paneelikeskustelua, jossa k\u00e4siteltiin erityisesti Keski-Aasian nuorten osuutta rauhanprosessissa. Sukupuolten tasa-arvo ja naisten asema oli keskeinen aihe keskustelussa. Sukupuolen tutkimuksen opiskelija Utrechtin yliopistosta Kemal Gaitnazarov, taustaltaan Turkmestanista, nosti varovaisesti puhuttaessa sukupuolesta (gender) sen eri v\u00e4hemmist\u00f6t. T\u00e4m\u00e4n ollessa positiivinen asia, sateenkaarioikeudet eiv\u00e4t kuitenkaan ole mainittuja Helsingin asiakirjassa. N\u00e4m\u00e4 ovat kuitenkin keskeinen osa tasa-arvo- ja yhdenvertaisuusty\u00f6t\u00e4, joka on oleellinen osa konfliktien ratkomisessa sek\u00e4 rauhanty\u00f6ss\u00e4 erityisesti nuorten osalta. Ani Papyan ja Gulkhan Mammadova nostivat esille naiserityisen n\u00e4k\u00f6kulman ja j\u00e4lkimm\u00e4inen kertoi heid\u00e4n seudullansa teht\u00e4v\u00e4st\u00e4 ty\u00f6st\u00e4 kyliss\u00e4, joissa nuoret ovat konservatiivisia. Ty\u00f6n tuloksena n\u00e4m\u00e4 nuoret ovat ymm\u00e4rt\u00e4neet tasa-arvoty\u00f6n t\u00e4rkeyden, naisten oikeudet ja muuttuneet siten liberaaleimmiksi ja rauhaa edist\u00e4viksi.<\/p>\n\n\n\n<figure class=\"wp-block-image size-large is-resized\"><img loading=\"lazy\" decoding=\"async\" width=\"1024\" height=\"768\" src=\"https:\/\/www.transfeminiinit.fi\/wp-content\/uploads\/2025\/12\/WhatsApp-Image-2025-12-10-at-13.59.37-2-1024x768.jpeg\" alt=\"\" class=\"wp-image-1124\" style=\"width:462px;height:auto\" srcset=\"https:\/\/www.transfeminiinit.fi\/wp-content\/uploads\/2025\/12\/WhatsApp-Image-2025-12-10-at-13.59.37-2-1024x768.jpeg 1024w, https:\/\/www.transfeminiinit.fi\/wp-content\/uploads\/2025\/12\/WhatsApp-Image-2025-12-10-at-13.59.37-2-300x225.jpeg 300w, https:\/\/www.transfeminiinit.fi\/wp-content\/uploads\/2025\/12\/WhatsApp-Image-2025-12-10-at-13.59.37-2-768x576.jpeg 768w, https:\/\/www.transfeminiinit.fi\/wp-content\/uploads\/2025\/12\/WhatsApp-Image-2025-12-10-at-13.59.37-2-1536x1152.jpeg 1536w, https:\/\/www.transfeminiinit.fi\/wp-content\/uploads\/2025\/12\/WhatsApp-Image-2025-12-10-at-13.59.37-2-1200x900.jpeg 1200w, https:\/\/www.transfeminiinit.fi\/wp-content\/uploads\/2025\/12\/WhatsApp-Image-2025-12-10-at-13.59.37-2-1980x1485.jpeg 1980w, https:\/\/www.transfeminiinit.fi\/wp-content\/uploads\/2025\/12\/WhatsApp-Image-2025-12-10-at-13.59.37-2.jpeg 2048w\" sizes=\"auto, (max-width: 1024px) 100vw, 1024px\" \/><\/figure>\n\n\n\n<blockquote class=\"wp-block-quote is-layout-flow wp-block-quote-is-layout-flow\">\n<p>\u201dAnnoin vastik\u00e4\u00e4n 11 min pituisen haastattelun Postimees-lehdelle NGO n\u00e4k\u00f6kulmasta kokoukseen teemoihin, miten n\u00e4emme ETYJ:n tulevaisuuden, keskeisist\u00e4 ihmisoikeuskysymyksist\u00e4 osana t\u00e4t\u00e4 prosessia, ja my\u00f6s transihmisiin kohdistuvasta vihan k\u00e4rjest\u00e4 \u00e4\u00e4rioikeiston lopuksi koko kansalaisyhteiskuntaa, oikeusvaltiota, demokratiaa ja ihmisoikeuksia kaventavana ja rapauttavana agendana. Olen kiitollinen, ett\u00e4 minut valittiin haastateltavaksi kansalaisj\u00e4rjest\u00f6n edustajana. Ty\u00f6 t\u00e4\u00e4ll\u00e4 jatkuu.<br><br>\u201dOlen seurannut Georgian valitettavaa tilannetta, keskustelin kolleegani kanssa ja n\u00e4in raja-alueet ja n\u00e4in mielenosoituksen parlamentin edess\u00e4, joiden huoleen yhdyn. On j\u00e4rkytt\u00e4v\u00e4\u00e4, ett\u00e4 kemiallisia aseita on k\u00e4ytetty siiviilej\u00e4 vastaan.<br><br>\u201d Ukraina mahdolliseen rauhanturvaamiseen Ven\u00e4j\u00e4 on ilmoittanut, ett\u00e4 ei hyv\u00e4ksy l\u00e4ntisi\u00e4 joukkoja ja Ukraina totesi, ett\u00e4 sodank\u00e4ynti on muuttunut droonien my\u00f6t\u00e4 ja eritt\u00e4in pitk\u00e4n rajan takia rauhanprosessi ei tule olemaan helppo.\u201d &#8211; von Knorring<\/p>\n<\/blockquote>\n\n\n\n<p>P\u00e4iv\u00e4n viimeinen sessio k\u00e4sitteli naisten tasa-arvoa ja osallistamista rauhanty\u00f6ss\u00e4. Hyvi\u00e4 puheenvuoroja kuultiin usealta ulkoministerilt\u00e4 kuten Andorran, Slovenian ja Sveitsin osalta. Suomen osalta suurl\u00e4hettil\u00e4s Terhi Hakala lis\u00e4si hyvin kokemuksillaan Georgiasta vuodelta 2007 ja pitk\u00e4st\u00e4 ty\u00f6st\u00e4 Keski-Aasiassa. Yhteyksi\u00e4 syntyi Sveitsin ja Italian suuntaan ja viel\u00e4 suurl\u00e4hettil\u00e4\u00e4n kanssa vaihdettiin yhteist\u00e4 kantaa kaikkien naisten inkluusiomaisesta naisverkostoihin. Erityisesti naisverkostojen taloudellinen tukeminen ja niiden monipuolisempi verkostoitumisen tukeminen tuotiin esille t\u00e4rkein\u00e4 toimina.<\/p>\n\n\n\n<figure class=\"wp-block-image size-full is-resized\"><img loading=\"lazy\" decoding=\"async\" width=\"960\" height=\"720\" src=\"https:\/\/www.transfeminiinit.fi\/wp-content\/uploads\/2025\/12\/595467586_10241215710433319_6585303977208803073_n.jpg\" alt=\"\" class=\"wp-image-1121\" style=\"width:435px;height:auto\" srcset=\"https:\/\/www.transfeminiinit.fi\/wp-content\/uploads\/2025\/12\/595467586_10241215710433319_6585303977208803073_n.jpg 960w, https:\/\/www.transfeminiinit.fi\/wp-content\/uploads\/2025\/12\/595467586_10241215710433319_6585303977208803073_n-300x225.jpg 300w, https:\/\/www.transfeminiinit.fi\/wp-content\/uploads\/2025\/12\/595467586_10241215710433319_6585303977208803073_n-768x576.jpg 768w\" sizes=\"auto, (max-width: 960px) 100vw, 960px\" \/><\/figure>\n\n\n\n<h2 class=\"wp-block-heading has-medium-font-size\">ETYJ-ministerineuvoston toisena ja viimeisen\u00e4 p\u00e4iv\u00e4n\u00e4 oli lis\u00e4\u00e4 t\u00e4rkeit\u00e4 paneeleita ja aiheita.<\/h2>\n\n\n\n<p>N\u00e4ist\u00e4 yksi oli Ihmiskaupan torjuntaa (counterfighting trafficing) k\u00e4sittelev\u00e4 rinnakkaisistunto. Er\u00e4\u00e4n panelistin omakohtainen kertoma ihmiskaupan uhrina olemisesta jo 9-vuotiaana lapsena nousi vahvana esille. Ukrainan edustaja kertoi osaltansa t\u00e4rke\u00e4\u00e4 tietoa Ven\u00e4j\u00e4n valloittamien alueiden osalta ja ilmeni, ett\u00e4 siell\u00e4 yli 80 % ihmiskaupan uhreista on poikia ja miehi\u00e4.<\/p>\n\n\n\n<p>P\u00e4iv\u00e4n toinen rinnakkaisistunto k\u00e4sitteli ETYJ:n Tiranan deklaraatiota, eli j\u00e4rjest\u00e4ytyneen rajan ylitt\u00e4v\u00e4n rikollisuuden torjuntaa. Keskeisi\u00e4 teemoja olivat torjuntakeinojen kehitt\u00e4minen ja yhteisty\u00f6n merkitys. Ihmiskaupan (trafficking) torjunnan est\u00e4miseksi teht\u00e4v\u00e4 yhteisty\u00f6 nousi t\u00e4ss\u00e4kin sessiossa t\u00e4rke\u00e4ksi. L\u00e4hes kaikkien delegaatioiden osalta naisten ja lasten haavoittuva asema rikollisuuden uhreina tuotiin esille t\u00e4rke\u00e4n\u00e4 tekij\u00e4n\u00e4.<\/p>\n\n\n\n<figure class=\"wp-block-gallery has-nested-images columns-default is-cropped wp-block-gallery-1 is-layout-flex wp-block-gallery-is-layout-flex\">\n<figure class=\"wp-block-image size-large\"><img loading=\"lazy\" decoding=\"async\" width=\"1024\" height=\"768\" data-id=\"1126\" src=\"https:\/\/www.transfeminiinit.fi\/wp-content\/uploads\/2025\/12\/WhatsApp-Image-2025-12-10-at-13.59.39-2-1024x768.jpeg\" alt=\"\" class=\"wp-image-1126\" srcset=\"https:\/\/www.transfeminiinit.fi\/wp-content\/uploads\/2025\/12\/WhatsApp-Image-2025-12-10-at-13.59.39-2-1024x768.jpeg 1024w, https:\/\/www.transfeminiinit.fi\/wp-content\/uploads\/2025\/12\/WhatsApp-Image-2025-12-10-at-13.59.39-2-300x225.jpeg 300w, https:\/\/www.transfeminiinit.fi\/wp-content\/uploads\/2025\/12\/WhatsApp-Image-2025-12-10-at-13.59.39-2-768x576.jpeg 768w, https:\/\/www.transfeminiinit.fi\/wp-content\/uploads\/2025\/12\/WhatsApp-Image-2025-12-10-at-13.59.39-2-1536x1152.jpeg 1536w, https:\/\/www.transfeminiinit.fi\/wp-content\/uploads\/2025\/12\/WhatsApp-Image-2025-12-10-at-13.59.39-2-1200x900.jpeg 1200w, https:\/\/www.transfeminiinit.fi\/wp-content\/uploads\/2025\/12\/WhatsApp-Image-2025-12-10-at-13.59.39-2-1980x1485.jpeg 1980w, https:\/\/www.transfeminiinit.fi\/wp-content\/uploads\/2025\/12\/WhatsApp-Image-2025-12-10-at-13.59.39-2.jpeg 2048w\" sizes=\"auto, (max-width: 1024px) 100vw, 1024px\" \/><\/figure>\n\n\n\n<figure class=\"wp-block-image size-large is-resized\"><img loading=\"lazy\" decoding=\"async\" width=\"1024\" height=\"768\" data-id=\"1125\" src=\"https:\/\/www.transfeminiinit.fi\/wp-content\/uploads\/2025\/12\/WhatsApp-Image-2025-12-10-at-13.59.40-1-1024x768.jpeg\" alt=\"\" class=\"wp-image-1125\" style=\"width:450px;height:auto\" srcset=\"https:\/\/www.transfeminiinit.fi\/wp-content\/uploads\/2025\/12\/WhatsApp-Image-2025-12-10-at-13.59.40-1-1024x768.jpeg 1024w, https:\/\/www.transfeminiinit.fi\/wp-content\/uploads\/2025\/12\/WhatsApp-Image-2025-12-10-at-13.59.40-1-300x225.jpeg 300w, https:\/\/www.transfeminiinit.fi\/wp-content\/uploads\/2025\/12\/WhatsApp-Image-2025-12-10-at-13.59.40-1-768x576.jpeg 768w, https:\/\/www.transfeminiinit.fi\/wp-content\/uploads\/2025\/12\/WhatsApp-Image-2025-12-10-at-13.59.40-1-1536x1152.jpeg 1536w, https:\/\/www.transfeminiinit.fi\/wp-content\/uploads\/2025\/12\/WhatsApp-Image-2025-12-10-at-13.59.40-1-1200x900.jpeg 1200w, https:\/\/www.transfeminiinit.fi\/wp-content\/uploads\/2025\/12\/WhatsApp-Image-2025-12-10-at-13.59.40-1-1980x1485.jpeg 1980w, https:\/\/www.transfeminiinit.fi\/wp-content\/uploads\/2025\/12\/WhatsApp-Image-2025-12-10-at-13.59.40-1.jpeg 2048w\" sizes=\"auto, (max-width: 1024px) 100vw, 1024px\" \/><\/figure>\n<\/figure>\n\n\n\n<h2 class=\"wp-block-heading has-medium-font-size\">Puolelta p\u00e4ivin oli siirtyminen Suuren saliin, entiseen keisarin valtaistuinsaliin, joka toimi konferenssin p\u00e4\u00e4istuntosalina.<\/h2>\n\n\n\n<p>Tanja von Knorring oli l\u00e4sn\u00e4 kokouksen viimeisiss\u00e4 kohdissa (9\u201311) ja p\u00e4\u00e4t\u00f6sseremoniassa. P\u00f6yt\u00e4kirjaliitteit\u00e4 tuli sin\u00e4 aikana kohtaan 9) seuraavasti: <\/p>\n\n\n\n<p>Belaruksen yhdess\u00e4 Ven\u00e4j\u00e4n Federaation kanssa tuottama, joka sis\u00e4lsi vaatimuksen niin sanotusta todellisesta dialogista ja ETYJ:n peruss\u00e4\u00e4nn\u00f6n kunnioittamisesta heit\u00e4 kohtaan, \u201djoita he itse r\u00e4ike\u00e4sti rikkovat Ven\u00e4j\u00e4n aloittamalla sodalla\u201d kommentoi Tanja von Knorring;<\/p>\n\n\n\n<p>Pohjoismaiden ja Viron liite Georgian ihmisoikeusrikkomuksista ja vaatimus palauttaa demokratia ja kunnioittaa ihmisoikeuksia sek\u00e4 Suomen ulkoministeriin kohdistuneesta rangaistuksesta (sakko) t\u00e4m\u00e4n observoitua demokratia vaativaa mielenosoitusta koskeva tuomitseminen;<\/p>\n\n\n\n<p>Azerbaijanin liite, jossa v\u00e4itt\u00e4v\u00e4t heill\u00e4 olevan lehdist\u00f6vapaus maan lakien mukaisesti ja vaatimus, ett\u00e4 ihmisoikeuskeskustelua &#8221;ei saa politisoida&#8221;;<\/p>\n\n\n\n<p>Serbian liite, jossa tuomitsevat heihin kohdistuneen tuomitsemisen poliisin mielivaltaisuuksista demokratiamielenosoitusten yhteydess\u00e4 Belgradissa, ja lopuksi Suomen liite Helsinki 50+ keskustelujen perusteella tehdyst\u00e4 ETYJ:n toiminnan menetelmist\u00e4 kuten sen modernisoinnista ja talouden turvaamisesta.<\/p>\n\n\n\n<p>Sveitsi otti vastaan puheenjohtajuuden, &nbsp;Suomen ETYJ suurl\u00e4hettil\u00e4s Vesa H\u00e4kkinen kopautti nuijaa ajalla 13:06 ja 32.s kokous tuli n\u00e4in p\u00e4\u00e4t\u00f6kseen.<\/p>\n\n\n\n<figure class=\"wp-block-image size-large is-resized\"><img loading=\"lazy\" decoding=\"async\" width=\"1024\" height=\"768\" src=\"https:\/\/www.transfeminiinit.fi\/wp-content\/uploads\/2025\/12\/WhatsApp-Image-2025-12-10-at-13.59.37-1024x768.jpeg\" alt=\"\" class=\"wp-image-1127\" style=\"width:395px;height:auto\" srcset=\"https:\/\/www.transfeminiinit.fi\/wp-content\/uploads\/2025\/12\/WhatsApp-Image-2025-12-10-at-13.59.37-1024x768.jpeg 1024w, https:\/\/www.transfeminiinit.fi\/wp-content\/uploads\/2025\/12\/WhatsApp-Image-2025-12-10-at-13.59.37-300x225.jpeg 300w, https:\/\/www.transfeminiinit.fi\/wp-content\/uploads\/2025\/12\/WhatsApp-Image-2025-12-10-at-13.59.37-768x576.jpeg 768w, https:\/\/www.transfeminiinit.fi\/wp-content\/uploads\/2025\/12\/WhatsApp-Image-2025-12-10-at-13.59.37-1536x1152.jpeg 1536w, https:\/\/www.transfeminiinit.fi\/wp-content\/uploads\/2025\/12\/WhatsApp-Image-2025-12-10-at-13.59.37-1200x900.jpeg 1200w, https:\/\/www.transfeminiinit.fi\/wp-content\/uploads\/2025\/12\/WhatsApp-Image-2025-12-10-at-13.59.37-1980x1485.jpeg 1980w, https:\/\/www.transfeminiinit.fi\/wp-content\/uploads\/2025\/12\/WhatsApp-Image-2025-12-10-at-13.59.37.jpeg 2048w\" sizes=\"auto, (max-width: 1024px) 100vw, 1024px\" \/><\/figure>\n\n\n\n<blockquote class=\"wp-block-quote is-layout-flow wp-block-quote-is-layout-flow\">\n<p>\u201dLopuksi k\u00e4ttelin ja kiitin osaltani ulkoministeri\u00f6n johdon t\u00e4st\u00e4 minulle annetusta tilaisuudesta olla paikalla t\u00e4\u00e4ll\u00e4 ja vastaavasti sain heilt\u00e4 kiitosta siit\u00e4, ett\u00e4 tulin paikalle kansalaisj\u00e4rjest\u00f6edustajana. Toivottavasti ETYJ rahoitukseen l\u00f6ytyy ratkaisu, j\u00e4rjest\u00f6ll\u00e4 on t\u00e4rke\u00e4 teht\u00e4v\u00e4 suurimpana rauhan edist\u00e4misj\u00e4rjest\u00f6n\u00e4 ja tekee t\u00e4rke\u00e4\u00e4 ty\u00f6t\u00e4 rajanylitt\u00e4v\u00e4n ja j\u00e4rjest\u00e4ytyneen rikollisuuden torjunnassa sek\u00e4 rajavalvonnassa.\u201d &#8211; von Knorring<\/p>\n<\/blockquote>\n\n\n\n<h2 class=\"wp-block-heading has-medium-font-size\">Kokouksen aikana oli my\u00f6s raskaiden aiheiden v\u00e4liss\u00e4 rentoa toimintaa osallistujille.<\/h2>\n\n\n\n<figure class=\"wp-block-image size-large is-resized\"><img loading=\"lazy\" decoding=\"async\" width=\"768\" height=\"1024\" src=\"https:\/\/www.transfeminiinit.fi\/wp-content\/uploads\/2025\/12\/WhatsApp-Image-2025-12-10-at-13.59.38-768x1024.jpeg\" alt=\"\" class=\"wp-image-1119\" style=\"aspect-ratio:0.750000016348703;width:345px;height:auto\" srcset=\"https:\/\/www.transfeminiinit.fi\/wp-content\/uploads\/2025\/12\/WhatsApp-Image-2025-12-10-at-13.59.38-768x1024.jpeg 768w, https:\/\/www.transfeminiinit.fi\/wp-content\/uploads\/2025\/12\/WhatsApp-Image-2025-12-10-at-13.59.38-225x300.jpeg 225w, https:\/\/www.transfeminiinit.fi\/wp-content\/uploads\/2025\/12\/WhatsApp-Image-2025-12-10-at-13.59.38-1152x1536.jpeg 1152w, https:\/\/www.transfeminiinit.fi\/wp-content\/uploads\/2025\/12\/WhatsApp-Image-2025-12-10-at-13.59.38-1200x1600.jpeg 1200w, https:\/\/www.transfeminiinit.fi\/wp-content\/uploads\/2025\/12\/WhatsApp-Image-2025-12-10-at-13.59.38.jpeg 1536w\" sizes=\"auto, (max-width: 768px) 100vw, 768px\" \/><\/figure>\n\n\n\n<blockquote class=\"wp-block-quote is-layout-flow wp-block-quote-is-layout-flow\">\n<p>\u201dSuomi-kuvaa tuodaan hyvin esille t\u00e4\u00e4ll\u00e4 ETYJ:ss\u00e4, esimerkiksi joulupukin maja on ollut ruuhkaan saakka suosittu. My\u00f6s ulkoministeri Elina Valtosen kanssa ehdittiin yhteiskuvaan ja mielt\u00e4 l\u00e4mmitti ministerin kiitokset minulle, ett\u00e4 olen tullut paikalle. Vastaavasti toivotin tsemppi\u00e4 vaikeassa teht\u00e4v\u00e4ss\u00e4\u00e4n. Ja viel\u00e4 jouluntoivotukset p\u00e4\u00e4lle. On ilo olla Suomalaisena delegaattina t\u00e4\u00e4ll\u00e4 Wieniss\u00e4. Lis\u00e4\u00e4 raportteja t\u00e4\u00e4lt\u00e4 taas seuraavassa p\u00e4ivityksess\u00e4, kahvitauon j\u00e4lkeen keisarillisen kirjastosalin tilaisuus vuorossa\u201d &#8211; von Knorring<\/p>\n<\/blockquote>\n\n\n\n<p><\/p>\n\n\n\n<p><\/p>\n","protected":false},"excerpt":{"rendered":"<p>T\u00e4n\u00e4\u00e4n 10.12. on joka vuotinen kansainv\u00e4linen ihmisoikeuksien p\u00e4iv\u00e4. T\u00e4m\u00e4 p\u00e4iv\u00e4 on ollut pitk\u00e4\u00e4n t\u00e4rke\u00e4 muistutus siit\u00e4 ty\u00f6st\u00e4, jota on tehty ihmisoikeuksien eteen, sek\u00e4 siit\u00e4 kaikesta, mit\u00e4 on jo saavutettu. Ihmisoikeuksia edist\u00e4v\u00e4t monet eri tekij\u00e4t, valtioista j\u00e4rjest\u00f6ihin. Yksi ihmisoikeuksia edustava j\u00e4rjest\u00f6 on Euroopan turvallisuus- ja yhteisty\u00f6j\u00e4rjest\u00f6. ETYJ on alueellinen turvallisuusj\u00e4rjest\u00f6, johon kuuluu 57 osallistujavaltiota. Transfeminiini ry &#8230; <a title=\"Transfeminiinit ry:n toiminnanjohtaja Tanja von Knorring osallistui Wieniss\u00e4 ETYJ-konferensiin\" class=\"read-more\" href=\"https:\/\/www.transfeminiinit.fi\/index.php\/etyj-konferenssi-2025\/\" aria-label=\"Lue lis\u00e4\u00e4 aiheesta Transfeminiinit ry:n toiminnanjohtaja Tanja von Knorring osallistui Wieniss\u00e4 ETYJ-konferensiin\">Lue lis\u00e4\u00e4<\/a><\/p>\n","protected":false},"author":6,"featured_media":0,"comment_status":"closed","ping_status":"open","sticky":false,"template":"","format":"standard","meta":{"footnotes":""},"categories":[74,68],"tags":[],"class_list":["post-1116","post","type-post","status-publish","format-standard","hentry","category-artikkelit","category-uutiset"],"_links":{"self":[{"href":"https:\/\/www.transfeminiinit.fi\/index.php\/wp-json\/wp\/v2\/posts\/1116","targetHints":{"allow":["GET"]}}],"collection":[{"href":"https:\/\/www.transfeminiinit.fi\/index.php\/wp-json\/wp\/v2\/posts"}],"about":[{"href":"https:\/\/www.transfeminiinit.fi\/index.php\/wp-json\/wp\/v2\/types\/post"}],"author":[{"embeddable":true,"href":"https:\/\/www.transfeminiinit.fi\/index.php\/wp-json\/wp\/v2\/users\/6"}],"replies":[{"embeddable":true,"href":"https:\/\/www.transfeminiinit.fi\/index.php\/wp-json\/wp\/v2\/comments?post=1116"}],"version-history":[{"count":0,"href":"https:\/\/www.transfeminiinit.fi\/index.php\/wp-json\/wp\/v2\/posts\/1116\/revisions"}],"wp:attachment":[{"href":"https:\/\/www.transfeminiinit.fi\/index.php\/wp-json\/wp\/v2\/media?parent=1116"}],"wp:term":[{"taxonomy":"category","embeddable":true,"href":"https:\/\/www.transfeminiinit.fi\/index.php\/wp-json\/wp\/v2\/categories?post=1116"},{"taxonomy":"post_tag","embeddable":true,"href":"https:\/\/www.transfeminiinit.fi\/index.php\/wp-json\/wp\/v2\/tags?post=1116"}],"curies":[{"name":"wp","href":"https:\/\/api.w.org\/{rel}","templated":true}]}}