{"id":616,"date":"2024-11-07T11:48:37","date_gmt":"2024-11-07T09:48:37","guid":{"rendered":"https:\/\/www.transfeminiinit.fi\/?p=616"},"modified":"2024-11-07T11:48:38","modified_gmt":"2024-11-07T09:48:38","slug":"kutsu-saantomaaraiseen-syyskokoukseen-30-11-2024","status":"publish","type":"post","link":"https:\/\/www.transfeminiinit.fi\/index.php\/kutsu-saantomaaraiseen-syyskokoukseen-30-11-2024\/","title":{"rendered":"Kutsu s\u00e4\u00e4nt\u00f6m\u00e4\u00e4r\u00e4iseen syyskokoukseen 30.11.2024"},"content":{"rendered":"\n<p>Transfeminiinit ry:n s\u00e4\u00e4nt\u00f6m\u00e4\u00e4r\u00e4inen syyskokous j\u00e4rjestet\u00e4\u00e4n<strong>&nbsp;<\/strong><\/p>\n\n\n\n<p><strong>Tampereella, lauantaina 30.11.2024 klo 12<\/strong><\/p>\n\n\n\n<p>Tilaisuus alkaa noin klo 11:30 kahvitarjoilulla ja p\u00e4\u00e4ttyy viimeist\u00e4\u00e4n klo 15:30. Varsinainen kokous alkaa klo 12. Saavuthan paikalle hyviss\u00e4 ajoin ennen kokouksen alkua, jotta ehdimme varmistaa l\u00e4sn\u00e4olijoiden j\u00e4senyyden ja \u00e4\u00e4nioikeuden.<\/p>\n\n\n\n<p>Kokoustila on esteet\u00f6n ja sijaitsee hyvien kulkuyhteyksien p\u00e4\u00e4ss\u00e4 Tampereen keskustassa. Kokouksen tarkka paikka ilmoitetaan vain ilmoittautuneille s\u00e4hk\u00f6postitse ennen kokousta. Syyskokous j\u00e4rjestet\u00e4\u00e4n vain l\u00e4hitapahtumana.<\/p>\n\n\n\n<p>Vain j\u00e4senmaksunsa ennen kokouksen alkua maksaneilla j\u00e4senill\u00e4 on \u00e4\u00e4nioikeus kokouksessa, joten nyt on hyv\u00e4 hetki varmistaa asia. L\u00e4het\u00e4mme l\u00e4hiaikoina muistutusviestin j\u00e4senmaksusta niille, joilta vuoden 2024 maksu viel\u00e4 puuttuu. J\u00e4senmaksunsa maksamatta j\u00e4tt\u00e4neill\u00e4 j\u00e4senill\u00e4 on kokouksessa l\u00e4sn\u00e4olo-oikeus.<\/p>\n\n\n\n<p>Kokouksen j\u00e4lkeen j\u00e4rjestet\u00e4\u00e4n vapaaehtoista iltaohjelmaa, joka p\u00e4\u00e4ttyy viimeist\u00e4\u00e4n klo 20. Iltaohjelmasta tiedotetaan my\u00f6hemmin kokoukseen ilmoittautuneille.<\/p>\n\n\n\n<p><strong>Ilmoittaudu<\/strong> mukaan kokoukseen lomakkeella: <a href=\"https:\/\/forms.gle\/LnG9tKPgDrt1U2Qi8\">https:\/\/forms.gle\/LnG9tKPgDrt1U2Qi8<\/a><\/p>\n\n\n\n<p>Voit ilmoittautua mukaan my\u00f6s vapaamuotoisesti s\u00e4hk\u00f6postitse: <a href=\"mailto:matias@transfeminiinit.fi\">matias@transfeminiinit.fi<\/a> .&nbsp;<\/p>\n\n\n\n<p>Kokoukseen tulee ilmoittautua etuk\u00e4teen kokoustarjoiluiden ja -tilan j\u00e4rjest\u00e4miseksi. Yhdistyksen j\u00e4senen\u00e4 voit saapua kokoukseen my\u00f6s ilmoittautumatta, mutta t\u00e4ll\u00f6in sinulle ei ole varattuna tarjoilua.<\/p>\n\n\n\n<p>Kerrothan ilmoittautuessasi my\u00f6s mahdolliset erityisruokavaliot, jotta osaamme ottaa ne huomioon tarjoiluissa. Kerro my\u00f6s, mik\u00e4li tarvitset osallistumiseen erityisj\u00e4rjestelyj\u00e4 tai muuta apua (esim. esteett\u00f6myys ja saavutettavuus).<\/p>\n\n\n\n<p><strong>Tule mukaan yhdistyksen hallitukseen! <\/strong>Voit ilmoittaa halukkuutesi tulla yhdistyksen hallitukseen jo ilmoittautuessasi, mutta otamme hallitusehdokkaita my\u00f6s ennen kokouksen alkua paikan p\u00e4\u00e4ll\u00e4. Transfeminiinit ry:n hallitus k\u00e4ytt\u00e4\u00e4 yhdistyksess\u00e4 korkeinta p\u00e4\u00e4t\u00e4nt\u00e4valtaa yhdistyksen toimintaa koskevissa suurissa linjoissa, toimii henkil\u00f6kunnan esihenkil\u00f6n\u00e4 sek\u00e4 osallistuu esimerkiksi vaikuttamisty\u00f6h\u00f6n. Tule siis mukaan vaikuttamaan yhdistyksen toimintaan!<\/p>\n\n\n\n<p>Yhdistys korvaa j\u00e4senille tarpeen mukaan erillisest\u00e4 hakemuksesta matkakulut Tampereelle edullisimman ja k\u00e4yt\u00e4nn\u00f6llisimm\u00e4n julkisen kulkuv\u00e4lineen mukaan. Pyyd\u00e4 matkojen korvattavuutta etuk\u00e4teen s\u00e4hk\u00f6postitse toiminnanjohtajalta <a href=\"mailto:tanja@transfeminiinit.fi\">tanja@transfeminiinit.fi<\/a> , ja muista s\u00e4ilytt\u00e4\u00e4 matkasi kuitit ja matkaliput. Matkakustannusten korvattavuuden perusteena v\u00e4h\u00e4varaisuus tai muu korvausta puoltava syy, joka on mainittava hakemuksessa.<\/p>\n\n\n\n<p>Lis\u00e4tietoja kokouksesta ja tapahtumasta antaa Transfeminiinit ry:n j\u00e4rjest\u00f6- ja viestint\u00e4asiantuntija Matias: <a href=\"mailto:matias@transfeminiinit.fi\">matias@transfeminiinit.fi<\/a>&nbsp;<\/p>\n\n\n\n<p><strong>Syyskokouksen asialista<\/strong><\/p>\n\n\n\n<ol class=\"wp-block-list\">\n<li>Kokouksen avaus<\/li>\n\n\n\n<li>Laillisuuden ja p\u00e4\u00e4t\u00f6svaltaisuuden toteaminen<\/li>\n\n\n\n<li>Kokouksen j\u00e4rjest\u00e4ytyminen\u00a0<\/li>\n\n\n\n<li>Esityslistan hyv\u00e4ksyminen ty\u00f6j\u00e4rjestykseksi\u00a0<\/li>\n\n\n\n<li>Vuoden 2023 tilinp\u00e4\u00e4t\u00f6ksen esittely<\/li>\n\n\n\n<li>Toimintasuunnitelman sek\u00e4 talousarvion vahvistaminen vuodelle 2025<\/li>\n\n\n\n<li>Vahvistetaan varsinaisten j\u00e4senten ja kannatusj\u00e4senten j\u00e4senmaksun suuruus kalenterivuodelle 2025<\/li>\n\n\n\n<li>Valitaan hallituksen puheenjohtaja ja varapuheenjohtaja kaudelle 2025-2026 (kaksi vuotta) ja varsinaiset j\u00e4senet ja varaj\u00e4senet vuodelle 2025 (yksi vuosi).<\/li>\n\n\n\n<li>Valitaan yksi tai kaksi varsinaista tilin- tai toiminnantarkastajaa seuraavalle kalenterivuodelle 2025<\/li>\n\n\n\n<li>Valitaan yksi tai kaksi varatilin- tai toiminnantarkastajaa seuraavalle kalenterivuodelle 2025<\/li>\n\n\n\n<li>Muut asiat<\/li>\n\n\n\n<li>Kokouksen p\u00e4\u00e4tt\u00e4minen<\/li>\n<\/ol>\n","protected":false},"excerpt":{"rendered":"<p>Transfeminiinit ry:n s\u00e4\u00e4nt\u00f6m\u00e4\u00e4r\u00e4inen syyskokous j\u00e4rjestet\u00e4\u00e4n&nbsp; Tampereella, lauantaina 30.11.2024 klo 12 Tilaisuus alkaa noin klo 11:30 kahvitarjoilulla ja p\u00e4\u00e4ttyy viimeist\u00e4\u00e4n klo 15:30. Varsinainen kokous alkaa klo 12. Saavuthan paikalle hyviss\u00e4 ajoin ennen kokouksen alkua, jotta ehdimme varmistaa l\u00e4sn\u00e4olijoiden j\u00e4senyyden ja \u00e4\u00e4nioikeuden. Kokoustila on esteet\u00f6n ja sijaitsee hyvien kulkuyhteyksien p\u00e4\u00e4ss\u00e4 Tampereen keskustassa. Kokouksen tarkka paikka ilmoitetaan vain &#8230; <a title=\"Kutsu s\u00e4\u00e4nt\u00f6m\u00e4\u00e4r\u00e4iseen syyskokoukseen 30.11.2024\" class=\"read-more\" href=\"https:\/\/www.transfeminiinit.fi\/index.php\/kutsu-saantomaaraiseen-syyskokoukseen-30-11-2024\/\" aria-label=\"Lue lis\u00e4\u00e4 aiheesta Kutsu s\u00e4\u00e4nt\u00f6m\u00e4\u00e4r\u00e4iseen syyskokoukseen 30.11.2024\">Lue lis\u00e4\u00e4<\/a><\/p>\n","protected":false},"author":2,"featured_media":0,"comment_status":"closed","ping_status":"open","sticky":false,"template":"","format":"standard","meta":{"footnotes":""},"categories":[76,72],"tags":[84,82,80],"class_list":["post-616","post","type-post","status-publish","format-standard","hentry","category-tiedotteet","category-yhdistys","tag-jasenille","tag-uutiset","tag-yhdistys"],"_links":{"self":[{"href":"https:\/\/www.transfeminiinit.fi\/index.php\/wp-json\/wp\/v2\/posts\/616","targetHints":{"allow":["GET"]}}],"collection":[{"href":"https:\/\/www.transfeminiinit.fi\/index.php\/wp-json\/wp\/v2\/posts"}],"about":[{"href":"https:\/\/www.transfeminiinit.fi\/index.php\/wp-json\/wp\/v2\/types\/post"}],"author":[{"embeddable":true,"href":"https:\/\/www.transfeminiinit.fi\/index.php\/wp-json\/wp\/v2\/users\/2"}],"replies":[{"embeddable":true,"href":"https:\/\/www.transfeminiinit.fi\/index.php\/wp-json\/wp\/v2\/comments?post=616"}],"version-history":[{"count":0,"href":"https:\/\/www.transfeminiinit.fi\/index.php\/wp-json\/wp\/v2\/posts\/616\/revisions"}],"wp:attachment":[{"href":"https:\/\/www.transfeminiinit.fi\/index.php\/wp-json\/wp\/v2\/media?parent=616"}],"wp:term":[{"taxonomy":"category","embeddable":true,"href":"https:\/\/www.transfeminiinit.fi\/index.php\/wp-json\/wp\/v2\/categories?post=616"},{"taxonomy":"post_tag","embeddable":true,"href":"https:\/\/www.transfeminiinit.fi\/index.php\/wp-json\/wp\/v2\/tags?post=616"}],"curies":[{"name":"wp","href":"https:\/\/api.w.org\/{rel}","templated":true}]}}