{"id":623,"date":"2024-12-03T11:49:51","date_gmt":"2024-12-03T09:49:51","guid":{"rendered":"https:\/\/www.transfeminiinit.fi\/?p=623"},"modified":"2024-12-03T11:49:52","modified_gmt":"2024-12-03T09:49:52","slug":"yhdistyksen-syyskokouksen-kuulumiset","status":"publish","type":"post","link":"https:\/\/www.transfeminiinit.fi\/index.php\/yhdistyksen-syyskokouksen-kuulumiset\/","title":{"rendered":"Yhdistyksen syyskokouksen kuulumiset"},"content":{"rendered":"\n<p>Yhdistyksen syyskokous pidettiin lauantaina 30.11.2024 Tampereella, historiallisessa Kehr\u00e4saaressa vanhojen tehdasrakennuksien katveessa. Syyskokouksessa oli paikalla viisitoista j\u00e4sent\u00e4 ja henkil\u00f6kuntaa avustamassa kokousj\u00e4rjestelyiss\u00e4. Kokous kesti kokonaisuudessaan kaksi ja puoli tuntia, ja tilaisuuteen mahtui my\u00f6s yhdess\u00e4oloa ja yleist\u00e4 keskustelua j\u00e4senten kesken. Yhdistyksen hallitukseen oli ehdolla huikeat kymmenen aktiivia, kiit\u00e4mme kaikkia aktiivisia j\u00e4seni\u00e4 mukanaolosta ja ehdokkuudesta!<\/p>\n\n\n\n<p>Transfeminiinit ry:n puheenjohtajaksi kaudelle 2025-2026 \u00e4\u00e4nestettiin <strong>Anna-Emilia Svensberg<\/strong>, j\u00e4rjest\u00f6aktiivimme pitk\u00e4lt\u00e4 ajalta. Anna-Emiliaan on voinut t\u00f6rm\u00e4t\u00e4 my\u00f6s j\u00e4sensihteerin roolissa. Varapuheenjohtajaksi \u00e4\u00e4nestyksell\u00e4 valittiin <strong>Emilia Bl\u00e5sten<\/strong>. Emilia on my\u00f6s pitk\u00e4n linjan j\u00e4rjest\u00f6vapaaehtoisemme, ja toiminut mm. edellisen kauden puheenjohtajana.<\/p>\n\n\n\n<p>Yhdistyksen hallitukseksi kaudelle 2025 valittiin \u00e4\u00e4nestyksell\u00e4:<\/p>\n\n\n\n<p><strong>Minka Ahola<br>Aurora K\u00e4ns\u00e4kangas<br>Minna Mattila<br>Mai Sahlberg<br>Sumu Sointupuro<\/strong><\/p>\n\n\n\n<p>Hallituksen varaj\u00e4seniksi \u00e4\u00e4nestettiin <strong>Sandra von Knorring<\/strong> ja <strong>Marica Savolainen<\/strong>.<\/p>\n\n\n\n<p>Yhdistyksen seuraava s\u00e4\u00e4nt\u00f6m\u00e4\u00e4r\u00e4inen kokous on kev\u00e4tkokous kev\u00e4\u00e4ll\u00e4 2025, jonka kutsua voi odotella alkuvuodesta. Kev\u00e4tkokouksessa katsotaan taaksep\u00e4in edelliseen toimintavuoteen ja tutustutaan vuoden 2024 toimintakertomukseen.<\/p>\n\n\n\n<p><strong>Liity j\u00e4seneksi<\/strong> ja vaikuta yhdistyksen toimintaan sek\u00e4 transihmisten oikeuksien toteutumiseen! <\/p>\n\n\n\n<p><\/p>\n","protected":false},"excerpt":{"rendered":"<p>Yhdistyksen syyskokous pidettiin lauantaina 30.11.2024 Tampereella, historiallisessa Kehr\u00e4saaressa vanhojen tehdasrakennuksien katveessa. Syyskokouksessa oli paikalla viisitoista j\u00e4sent\u00e4 ja henkil\u00f6kuntaa avustamassa kokousj\u00e4rjestelyiss\u00e4. Kokous kesti kokonaisuudessaan kaksi ja puoli tuntia, ja tilaisuuteen mahtui my\u00f6s yhdess\u00e4oloa ja yleist\u00e4 keskustelua j\u00e4senten kesken. Yhdistyksen hallitukseen oli ehdolla huikeat kymmenen aktiivia, kiit\u00e4mme kaikkia aktiivisia j\u00e4seni\u00e4 mukanaolosta ja ehdokkuudesta! Transfeminiinit ry:n puheenjohtajaksi kaudelle &#8230; <a title=\"Yhdistyksen syyskokouksen kuulumiset\" class=\"read-more\" href=\"https:\/\/www.transfeminiinit.fi\/index.php\/yhdistyksen-syyskokouksen-kuulumiset\/\" aria-label=\"Lue lis\u00e4\u00e4 aiheesta Yhdistyksen syyskokouksen kuulumiset\">Lue lis\u00e4\u00e4<\/a><\/p>\n","protected":false},"author":2,"featured_media":625,"comment_status":"closed","ping_status":"open","sticky":false,"template":"","format":"standard","meta":{"footnotes":""},"categories":[76,68,72],"tags":[84,82,80],"class_list":["post-623","post","type-post","status-publish","format-standard","has-post-thumbnail","hentry","category-tiedotteet","category-uutiset","category-yhdistys","tag-jasenille","tag-uutiset","tag-yhdistys"],"_links":{"self":[{"href":"https:\/\/www.transfeminiinit.fi\/index.php\/wp-json\/wp\/v2\/posts\/623","targetHints":{"allow":["GET"]}}],"collection":[{"href":"https:\/\/www.transfeminiinit.fi\/index.php\/wp-json\/wp\/v2\/posts"}],"about":[{"href":"https:\/\/www.transfeminiinit.fi\/index.php\/wp-json\/wp\/v2\/types\/post"}],"author":[{"embeddable":true,"href":"https:\/\/www.transfeminiinit.fi\/index.php\/wp-json\/wp\/v2\/users\/2"}],"replies":[{"embeddable":true,"href":"https:\/\/www.transfeminiinit.fi\/index.php\/wp-json\/wp\/v2\/comments?post=623"}],"version-history":[{"count":0,"href":"https:\/\/www.transfeminiinit.fi\/index.php\/wp-json\/wp\/v2\/posts\/623\/revisions"}],"wp:featuredmedia":[{"embeddable":true,"href":"https:\/\/www.transfeminiinit.fi\/index.php\/wp-json\/wp\/v2\/media\/625"}],"wp:attachment":[{"href":"https:\/\/www.transfeminiinit.fi\/index.php\/wp-json\/wp\/v2\/media?parent=623"}],"wp:term":[{"taxonomy":"category","embeddable":true,"href":"https:\/\/www.transfeminiinit.fi\/index.php\/wp-json\/wp\/v2\/categories?post=623"},{"taxonomy":"post_tag","embeddable":true,"href":"https:\/\/www.transfeminiinit.fi\/index.php\/wp-json\/wp\/v2\/tags?post=623"}],"curies":[{"name":"wp","href":"https:\/\/api.w.org\/{rel}","templated":true}]}}