{"id":649,"date":"2025-02-20T11:46:16","date_gmt":"2025-02-20T09:46:16","guid":{"rendered":"https:\/\/www.transfeminiinit.fi\/?p=649"},"modified":"2025-02-20T11:46:18","modified_gmt":"2025-02-20T09:46:18","slug":"katsaus-ilga-europen-vuosiraporttiin-2024","status":"publish","type":"post","link":"https:\/\/www.transfeminiinit.fi\/index.php\/katsaus-ilga-europen-vuosiraporttiin-2024\/","title":{"rendered":"Katsaus ILGA Europen vuosiraporttiin 2024"},"content":{"rendered":"\n<p>ILGA Europe julkaisi vuosittaisen raporttinsa \u2018<strong>Annual Review of the Human Right Situation of LGBTI People in Europe and Central Asia<\/strong>\u2019 tiistaina 18.2.2025. Raportti koostaa vuosittain sateenkaari-ihmisten ihmisoikeustilanteen Euroopassa ja Keski-Aasiassa. Vuoden 2024 raportin koostamat trendit varoittavat sateenkaari-vihamielisist\u00e4 laeista ja s\u00e4\u00e4d\u00f6ksist\u00e4, jotka uhkaavat v\u00e4hemmist\u00f6jen perusoikeuksia. <\/p>\n\n\n\n<p>Useissa Euroopan maissa on ajettu, tai yritetty ajaa l\u00e4pi s\u00e4\u00e4d\u00f6ksi\u00e4 kohdistuen kansalaisj\u00e4rjest\u00f6jen toiminnan ja rahoituksen rajoituksiin, seksuaali- ja sukupuoliv\u00e4hemmist\u00f6jen poistamiseksi koulujen seksuaalikasvatuksesta sek\u00e4 niin sanottujen \u201cLGBT-propaganda\u201d-lakeja, jotka rajoittavat mm. pyrkimyksi\u00e4 lis\u00e4t\u00e4 sateenkaaritietoisuutta opetuksessa tai muilla keinoin. Osa n\u00e4ist\u00e4 on j\u00e4\u00e4nyt keskustelun tasolle, osaa on yritetty ajaa l\u00e4pi ja osa on onnistuttu viem\u00e4\u00e4n l\u00e4pi. Tilanne on sateenkaari-ihmisten oikeuksien kannalta huolestuttava, sill\u00e4 samalla annetaan tilaa vihapuheelle ja syrjinn\u00e4lle, lis\u00e4ten siten sateenkaari-ihmisiin kohdistuvaa v\u00e4kivaltaa.<\/p>\n\n\n\n<p>Vihapuheen lis\u00e4\u00e4ntyminen lis\u00e4\u00e4 my\u00f6s rajoituksia transterveydenhuoltoon. Useissa maissa on vuonna 2024 asetettu rajoituksia transihmisten tarvitseman terveydenhuollon saatavuuteen. Erityisesti transnuorten sukupuolta vahvistavia hoitoja pyrit\u00e4\u00e4n rajoittamaan ymp\u00e4ri Eurooppaa. My\u00f6s sukupuolen juridinen vahvistaminen on edelleen vaikeaa useissa maissa, huolimatta yrityksist\u00e4 muuttaa lakia itsem\u00e4\u00e4rittelyyn perustuvaksi.<\/p>\n\n\n\n<p>Edistyst\u00e4kin on kuitenkin transoikeuksissa tapahtunut: Albaniassa, Belgiassa, Bosnia ja Hertsegovinassa, T\u0161ekiss\u00e4, Maltalla ja Kirgisiassa on tehty transterveydenhuollon saavutettavuutta parantavia s\u00e4\u00e4d\u00f6ksi\u00e4 ja ohjeistuksia. Lis\u00e4ksi sukupuolen vahvistamiseen liittyvien lakien suhteen Euroopassa on tehty harppauksia parempaan suuntaan, etenkin Saksassa ja Ruotsissa.<\/p>\n\n\n\n<blockquote class=\"wp-block-quote is-layout-flow wp-block-quote-is-layout-flow\">\n<p><em>\u201cT\u00e4m\u00e4 raportti vahvistaa sen, mit\u00e4 useat meist\u00e4 ovat pel\u00e4nneet \u2013 olemme siirtyneet aikaan, jossa sateenkaari-ihmisten oikeuksista on tullut koekentt\u00e4 laeille, jotka pyrkiv\u00e4t rapauttamaan demokratiaa itse\u00e4\u00e4n. P\u00e4\u00e4tt\u00e4j\u00e4t ymp\u00e4ri Eurooppaa ja Keski-Aasiaa k\u00e4ytt\u00e4v\u00e4t sateenkaarivihamielist\u00e4 retoriikkaa perustellakseen sananvapauteen, kansalaisyhteiskuntaan ja vapaisiin vaaleihin kohdistuvia rajoituksia. Se, mik\u00e4 alkaa hy\u00f6kk\u00e4yksen\u00e4 sateenkaari-ihmisten oikeuksia kohtaan, kehittyy nopeasti laajemmaksi hy\u00f6kk\u00e4ykseksi kaikkien yhteiskunnan yksil\u00f6iden oikeuksia ja vapauksia vastaan. T\u00e4m\u00e4 ei ole vain seksuaali- ja sukupuoliv\u00e4hemmist\u00f6jen ongelma; T\u00e4m\u00e4 on kaikkien ihmisoikeuksien ja demokratian kriisi.\u201d<\/em><\/p>\n\n\n\n<p>&#8211; Chaber, ILGA Europe toiminnanjohtaja (k\u00e4\u00e4nnetty suomeksi englannista)<\/p>\n<\/blockquote>\n\n\n\n<p>ILGA Europen raportti sateenkaari-ihmisten oikeuksien tilasta Euroopassa ja Keski-Aasiassa koostetaan vuosittain kansallisten j\u00e4senj\u00e4rjest\u00f6jen ker\u00e4\u00e4m\u00e4n ja raportoiman datan perusteella. Raportti koostaa vuoden tapahtumat ja muutokset sateenkaari-ihmisten tilanteessa kansallisella, alueellisella ja kansainv\u00e4lisell\u00e4 tasolla. Julkaisu dokumentoi muutoksia ja trendej\u00e4 sateenkaari-ihmisten oikeuksien tilanteesta.<\/p>\n\n\n\n<p>T\u00e4m\u00e4 on tiivistetty katsaus raporttiin, ja k\u00e4sittelee vain vuoden 2024 trendit sateenkaarioikeuksien ja transoikeuksien osalta. Lue koko 160-sivuinen raportti ILGA:n sivuilta <a href=\"https:\/\/www.ilga-europe.org\/report\/annual-review-2025\/\">t\u00e4\u00e4ll\u00e4<\/a>. Voit my\u00f6s valikoida raportista luettavaa teemaa, maita tai instituutioita filtter\u00f6iden.<\/p>\n","protected":false},"excerpt":{"rendered":"<p>ILGA Europe julkaisi vuosittaisen raporttinsa \u2018Annual Review of the Human Right Situation of LGBTI People in Europe and Central Asia\u2019 tiistaina 18.2.2025. Raportti koostaa vuosittain sateenkaari-ihmisten ihmisoikeustilanteen Euroopassa ja Keski-Aasiassa. Vuoden 2024 raportin koostamat trendit varoittavat sateenkaari-vihamielisist\u00e4 laeista ja s\u00e4\u00e4d\u00f6ksist\u00e4, jotka uhkaavat v\u00e4hemmist\u00f6jen perusoikeuksia. Useissa Euroopan maissa on ajettu, tai yritetty ajaa l\u00e4pi s\u00e4\u00e4d\u00f6ksi\u00e4 kohdistuen &#8230; <a title=\"Katsaus ILGA Europen vuosiraporttiin 2024\" class=\"read-more\" href=\"https:\/\/www.transfeminiinit.fi\/index.php\/katsaus-ilga-europen-vuosiraporttiin-2024\/\" aria-label=\"Lue lis\u00e4\u00e4 aiheesta Katsaus ILGA Europen vuosiraporttiin 2024\">Lue lis\u00e4\u00e4<\/a><\/p>\n","protected":false},"author":2,"featured_media":650,"comment_status":"closed","ping_status":"open","sticky":false,"template":"","format":"standard","meta":{"footnotes":""},"categories":[74,68],"tags":[82],"class_list":["post-649","post","type-post","status-publish","format-standard","has-post-thumbnail","hentry","category-artikkelit","category-uutiset","tag-uutiset"],"_links":{"self":[{"href":"https:\/\/www.transfeminiinit.fi\/index.php\/wp-json\/wp\/v2\/posts\/649","targetHints":{"allow":["GET"]}}],"collection":[{"href":"https:\/\/www.transfeminiinit.fi\/index.php\/wp-json\/wp\/v2\/posts"}],"about":[{"href":"https:\/\/www.transfeminiinit.fi\/index.php\/wp-json\/wp\/v2\/types\/post"}],"author":[{"embeddable":true,"href":"https:\/\/www.transfeminiinit.fi\/index.php\/wp-json\/wp\/v2\/users\/2"}],"replies":[{"embeddable":true,"href":"https:\/\/www.transfeminiinit.fi\/index.php\/wp-json\/wp\/v2\/comments?post=649"}],"version-history":[{"count":0,"href":"https:\/\/www.transfeminiinit.fi\/index.php\/wp-json\/wp\/v2\/posts\/649\/revisions"}],"wp:featuredmedia":[{"embeddable":true,"href":"https:\/\/www.transfeminiinit.fi\/index.php\/wp-json\/wp\/v2\/media\/650"}],"wp:attachment":[{"href":"https:\/\/www.transfeminiinit.fi\/index.php\/wp-json\/wp\/v2\/media?parent=649"}],"wp:term":[{"taxonomy":"category","embeddable":true,"href":"https:\/\/www.transfeminiinit.fi\/index.php\/wp-json\/wp\/v2\/categories?post=649"},{"taxonomy":"post_tag","embeddable":true,"href":"https:\/\/www.transfeminiinit.fi\/index.php\/wp-json\/wp\/v2\/tags?post=649"}],"curies":[{"name":"wp","href":"https:\/\/api.w.org\/{rel}","templated":true}]}}